[{"@context":"https:\/\/schema.org\/","@type":"Blog","@id":"https:\/\/www.adulka.cz#Blog","headline":"Adulka","description":"\nLid\u00e9 v \u017eivot\u011b \u010dasto n\u011bco postr\u00e1daj\u00ed. A kdy\u017e to cht\u011bj\u00ed napravit, hledaj\u00ed to postr\u00e1dan\u00e9 klidn\u011b i na internetu. A n\u00e1\u0161 web jim tu \u010dasto p\u0159ich\u00e1z\u00ed vhod.","url":"https:\/\/www.adulka.cz","hasPart":[{"@type":"Article","@id":"https:\/\/www.adulka.cz\/deti-a-sikana\/","headline":"D\u011bti a \u0161ikana","url":"https:\/\/www.adulka.cz\/deti-a-sikana\/","datePublished":"2022-06-07","dateModified":"2023-05-03","mainEntityOfPage":"https:\/\/www.adulka.cz\/deti-a-sikana\/","author":{"@type":"Person","@id":"https:\/\/www.adulka.cz\/author\/#Person","name":"","url":"https:\/\/www.adulka.cz\/author\/","identifier":1,"image":{"@type":"ImageObject","@id":"https:\/\/secure.gravatar.com\/avatar\/0c4621640b5c0734669aeb181ef77969b528487727344f28e734a206566ea0f1?s=96&d=mm&r=g","url":"https:\/\/secure.gravatar.com\/avatar\/0c4621640b5c0734669aeb181ef77969b528487727344f28e734a206566ea0f1?s=96&d=mm&r=g","height":96,"width":96}},"publisher":{"@type":"Organization","name":"adulka.cz","logo":{"@type":"ImageObject","@id":"\/logo.png","url":"\/logo.png","width":600,"height":60}},"image":{"@type":"ImageObject","@id":"https:\/\/www.adulka.cz\/wp-content\/uploads\/stop-children-suicide-2780203_640.jpg","url":"https:\/\/www.adulka.cz\/wp-content\/uploads\/stop-children-suicide-2780203_640.jpg","height":0,"width":0},"wordCount":619,"keywords":null},{"@type":"Article","@id":"https:\/\/www.adulka.cz\/svetova-politika\/","headline":"Sv\u011btov\u00e1 politika","url":"https:\/\/www.adulka.cz\/svetova-politika\/","datePublished":"2022-06-02","dateModified":"2023-05-03","mainEntityOfPage":"https:\/\/www.adulka.cz\/svetova-politika\/","author":{"@type":"Person","@id":"https:\/\/www.adulka.cz\/author\/#Person","name":"","url":"https:\/\/www.adulka.cz\/author\/","identifier":1,"image":{"@type":"ImageObject","@id":"https:\/\/secure.gravatar.com\/avatar\/0c4621640b5c0734669aeb181ef77969b528487727344f28e734a206566ea0f1?s=96&d=mm&r=g","url":"https:\/\/secure.gravatar.com\/avatar\/0c4621640b5c0734669aeb181ef77969b528487727344f28e734a206566ea0f1?s=96&d=mm&r=g","height":96,"width":96}},"publisher":{"@type":"Organization","name":"adulka.cz","logo":{"@type":"ImageObject","@id":"\/logo.png","url":"\/logo.png","width":600,"height":60}},"image":{"@type":"ImageObject","@id":"https:\/\/www.adulka.cz\/wp-content\/uploads\/eu-2891828_960_720.jpg","url":"https:\/\/www.adulka.cz\/wp-content\/uploads\/eu-2891828_960_720.jpg","height":0,"width":0},"wordCount":511,"keywords":null},{"@type":"Article","@id":"https:\/\/www.adulka.cz\/chytra-televize\/","headline":"Chytr\u00e1 televize","url":"https:\/\/www.adulka.cz\/chytra-televize\/","datePublished":"2022-06-02","dateModified":"2023-05-03","mainEntityOfPage":"https:\/\/www.adulka.cz\/chytra-televize\/","author":{"@type":"Person","@id":"https:\/\/www.adulka.cz\/author\/#Person","name":"","url":"https:\/\/www.adulka.cz\/author\/","identifier":1,"image":{"@type":"ImageObject","@id":"https:\/\/secure.gravatar.com\/avatar\/0c4621640b5c0734669aeb181ef77969b528487727344f28e734a206566ea0f1?s=96&d=mm&r=g","url":"https:\/\/secure.gravatar.com\/avatar\/0c4621640b5c0734669aeb181ef77969b528487727344f28e734a206566ea0f1?s=96&d=mm&r=g","height":96,"width":96}},"publisher":{"@type":"Organization","name":"adulka.cz","logo":{"@type":"ImageObject","@id":"\/logo.png","url":"\/logo.png","width":600,"height":60}},"image":{"@type":"ImageObject","@id":"https:\/\/www.adulka.cz\/wp-content\/uploads\/television-4069510_960_720.jpg","url":"https:\/\/www.adulka.cz\/wp-content\/uploads\/television-4069510_960_720.jpg","height":0,"width":0},"wordCount":578,"keywords":null},{"@type":"Article","@id":"https:\/\/www.adulka.cz\/fotit-muze-kazdy\/","headline":"Fotit m\u016f\u017ee ka\u017ed\u00fd","url":"https:\/\/www.adulka.cz\/fotit-muze-kazdy\/","datePublished":"2022-05-14","dateModified":"2023-05-03","mainEntityOfPage":"https:\/\/www.adulka.cz\/fotit-muze-kazdy\/","author":{"@type":"Person","@id":"https:\/\/www.adulka.cz\/author\/#Person","name":"","url":"https:\/\/www.adulka.cz\/author\/","identifier":1,"image":{"@type":"ImageObject","@id":"https:\/\/secure.gravatar.com\/avatar\/0c4621640b5c0734669aeb181ef77969b528487727344f28e734a206566ea0f1?s=96&d=mm&r=g","url":"https:\/\/secure.gravatar.com\/avatar\/0c4621640b5c0734669aeb181ef77969b528487727344f28e734a206566ea0f1?s=96&d=mm&r=g","height":96,"width":96}},"publisher":{"@type":"Organization","name":"adulka.cz","logo":{"@type":"ImageObject","@id":"\/logo.png","url":"\/logo.png","width":600,"height":60}},"image":{"@type":"ImageObject","@id":"https:\/\/www.adulka.cz\/wp-content\/uploads\/lens-490806_960_720_2.jpg","url":"https:\/\/www.adulka.cz\/wp-content\/uploads\/lens-490806_960_720_2.jpg","height":0,"width":0},"wordCount":573,"keywords":null},{"@type":"Article","@id":"https:\/\/www.adulka.cz\/netradicni-oslava-narozenin\/","headline":"Netradi\u010dn\u00ed oslava narozenin","url":"https:\/\/www.adulka.cz\/netradicni-oslava-narozenin\/","datePublished":"2022-05-07","dateModified":"2023-05-03","mainEntityOfPage":"https:\/\/www.adulka.cz\/netradicni-oslava-narozenin\/","author":{"@type":"Person","@id":"https:\/\/www.adulka.cz\/author\/#Person","name":"","url":"https:\/\/www.adulka.cz\/author\/","identifier":1,"image":{"@type":"ImageObject","@id":"https:\/\/secure.gravatar.com\/avatar\/0c4621640b5c0734669aeb181ef77969b528487727344f28e734a206566ea0f1?s=96&d=mm&r=g","url":"https:\/\/secure.gravatar.com\/avatar\/0c4621640b5c0734669aeb181ef77969b528487727344f28e734a206566ea0f1?s=96&d=mm&r=g","height":96,"width":96}},"publisher":{"@type":"Organization","name":"adulka.cz","logo":{"@type":"ImageObject","@id":"\/logo.png","url":"\/logo.png","width":600,"height":60}},"image":{"@type":"ImageObject","@id":"https:\/\/www.adulka.cz\/wp-content\/uploads\/boys-286245_960_720_6.jpg","url":"https:\/\/www.adulka.cz\/wp-content\/uploads\/boys-286245_960_720_6.jpg","height":0,"width":0},"wordCount":536,"keywords":null},{"@type":"Article","@id":"https:\/\/www.adulka.cz\/volby-na-prezidenta\/","headline":"Volby na prezidenta","url":"https:\/\/www.adulka.cz\/volby-na-prezidenta\/","datePublished":"2022-05-06","dateModified":"2023-05-03","mainEntityOfPage":"https:\/\/www.adulka.cz\/volby-na-prezidenta\/","author":{"@type":"Person","@id":"https:\/\/www.adulka.cz\/author\/#Person","name":"","url":"https:\/\/www.adulka.cz\/author\/","identifier":1,"image":{"@type":"ImageObject","@id":"https:\/\/secure.gravatar.com\/avatar\/0c4621640b5c0734669aeb181ef77969b528487727344f28e734a206566ea0f1?s=96&d=mm&r=g","url":"https:\/\/secure.gravatar.com\/avatar\/0c4621640b5c0734669aeb181ef77969b528487727344f28e734a206566ea0f1?s=96&d=mm&r=g","height":96,"width":96}},"publisher":{"@type":"Organization","name":"adulka.cz","logo":{"@type":"ImageObject","@id":"\/logo.png","url":"\/logo.png","width":600,"height":60}},"image":{"@type":"ImageObject","@id":"https:\/\/www.adulka.cz\/wp-content\/uploads\/ballot-g0e7534d94_640.png","url":"https:\/\/www.adulka.cz\/wp-content\/uploads\/ballot-g0e7534d94_640.png","height":0,"width":0},"wordCount":546,"keywords":null},{"@type":"Article","@id":"https:\/\/www.adulka.cz\/je-lepsi-zainvestovat-do-herniho-nebo-obycejneho-pocitace\/","headline":"Je lep\u0161\u00ed zainvestovat do hern\u00edho nebo oby\u010dejn\u00e9ho po\u010d\u00edta\u010de?","url":"https:\/\/www.adulka.cz\/je-lepsi-zainvestovat-do-herniho-nebo-obycejneho-pocitace\/","datePublished":"2022-04-28","dateModified":"2023-05-03","mainEntityOfPage":"https:\/\/www.adulka.cz\/je-lepsi-zainvestovat-do-herniho-nebo-obycejneho-pocitace\/","author":{"@type":"Person","@id":"https:\/\/www.adulka.cz\/author\/#Person","name":"","url":"https:\/\/www.adulka.cz\/author\/","identifier":1,"image":{"@type":"ImageObject","@id":"https:\/\/secure.gravatar.com\/avatar\/0c4621640b5c0734669aeb181ef77969b528487727344f28e734a206566ea0f1?s=96&d=mm&r=g","url":"https:\/\/secure.gravatar.com\/avatar\/0c4621640b5c0734669aeb181ef77969b528487727344f28e734a206566ea0f1?s=96&d=mm&r=g","height":96,"width":96}},"publisher":{"@type":"Organization","name":"adulka.cz","logo":{"@type":"ImageObject","@id":"\/logo.png","url":"\/logo.png","width":600,"height":60}},"image":{"@type":"ImageObject","@id":"https:\/\/www.adulka.cz\/wp-content\/uploads\/po_3.JPG","url":"https:\/\/www.adulka.cz\/wp-content\/uploads\/po_3.JPG","height":0,"width":0},"wordCount":664,"keywords":null},{"@type":"Article","@id":"https:\/\/www.adulka.cz\/je-hrani-prospesne-i-pro-dospeleho\/","headline":"Je hran\u00ed prosp\u011b\u0161n\u00e9 i pro dosp\u011bl\u00e9ho?","url":"https:\/\/www.adulka.cz\/je-hrani-prospesne-i-pro-dospeleho\/","datePublished":"2022-03-31","dateModified":"2023-05-03","mainEntityOfPage":"https:\/\/www.adulka.cz\/je-hrani-prospesne-i-pro-dospeleho\/","author":{"@type":"Person","@id":"https:\/\/www.adulka.cz\/author\/#Person","name":"","url":"https:\/\/www.adulka.cz\/author\/","identifier":1,"image":{"@type":"ImageObject","@id":"https:\/\/secure.gravatar.com\/avatar\/0c4621640b5c0734669aeb181ef77969b528487727344f28e734a206566ea0f1?s=96&d=mm&r=g","url":"https:\/\/secure.gravatar.com\/avatar\/0c4621640b5c0734669aeb181ef77969b528487727344f28e734a206566ea0f1?s=96&d=mm&r=g","height":96,"width":96}},"publisher":{"@type":"Organization","name":"adulka.cz","logo":{"@type":"ImageObject","@id":"\/logo.png","url":"\/logo.png","width":600,"height":60}},"image":{"@type":"ImageObject","@id":"https:\/\/www.adulka.cz\/wp-content\/uploads\/hra1_7.jpg","url":"https:\/\/www.adulka.cz\/wp-content\/uploads\/hra1_7.jpg","height":0,"width":0},"wordCount":580,"keywords":null},{"@type":"Article","@id":"https:\/\/www.adulka.cz\/cesta-do-beskyd\/","headline":"Cesta do Beskyd","url":"https:\/\/www.adulka.cz\/cesta-do-beskyd\/","datePublished":"2022-03-30","dateModified":"2023-05-03","mainEntityOfPage":"https:\/\/www.adulka.cz\/cesta-do-beskyd\/","author":{"@type":"Person","@id":"https:\/\/www.adulka.cz\/author\/#Person","name":"","url":"https:\/\/www.adulka.cz\/author\/","identifier":1,"image":{"@type":"ImageObject","@id":"https:\/\/secure.gravatar.com\/avatar\/0c4621640b5c0734669aeb181ef77969b528487727344f28e734a206566ea0f1?s=96&d=mm&r=g","url":"https:\/\/secure.gravatar.com\/avatar\/0c4621640b5c0734669aeb181ef77969b528487727344f28e734a206566ea0f1?s=96&d=mm&r=g","height":96,"width":96}},"publisher":{"@type":"Organization","name":"adulka.cz","logo":{"@type":"ImageObject","@id":"\/logo.png","url":"\/logo.png","width":600,"height":60}},"image":{"@type":"ImageObject","@id":"https:\/\/www.adulka.cz\/wp-content\/uploads\/jesenik-gba3e977bb_640_1.jpg","url":"https:\/\/www.adulka.cz\/wp-content\/uploads\/jesenik-gba3e977bb_640_1.jpg","height":0,"width":0},"wordCount":526,"keywords":null},{"@type":"Article","@id":"https:\/\/www.adulka.cz\/the-path\/","headline":"The Path","url":"https:\/\/www.adulka.cz\/the-path\/","datePublished":"2022-03-23","dateModified":"2023-05-03","mainEntityOfPage":"https:\/\/www.adulka.cz\/the-path\/","author":{"@type":"Person","@id":"https:\/\/www.adulka.cz\/author\/#Person","name":"","url":"https:\/\/www.adulka.cz\/author\/","identifier":1,"image":{"@type":"ImageObject","@id":"https:\/\/secure.gravatar.com\/avatar\/0c4621640b5c0734669aeb181ef77969b528487727344f28e734a206566ea0f1?s=96&d=mm&r=g","url":"https:\/\/secure.gravatar.com\/avatar\/0c4621640b5c0734669aeb181ef77969b528487727344f28e734a206566ea0f1?s=96&d=mm&r=g","height":96,"width":96}},"publisher":{"@type":"Organization","name":"adulka.cz","logo":{"@type":"ImageObject","@id":"\/logo.png","url":"\/logo.png","width":600,"height":60}},"image":{"@type":"ImageObject","@id":"https:\/\/www.adulka.cz\/wp-content\/uploads\/3407404735_3f3f9d60a5.jpg","url":"https:\/\/www.adulka.cz\/wp-content\/uploads\/3407404735_3f3f9d60a5.jpg","height":0,"width":0},"wordCount":615,"keywords":null}]},{"@context":"https:\/\/schema.org","@type":"WebSite","@id":"https:\/\/www.adulka.cz\/#website","name":"Adulka","url":"https:\/\/www.adulka.cz","potentialAction":{"@type":"SearchAction","target":"https:\/\/www.adulka.cz\/?s={search_term_string}","query-input":"required name=search_term_string"}}]