[{"@context":"https:\/\/schema.org\/","@type":"Article","@id":"https:\/\/www.adulka.cz\/fotit-muze-kazdy\/#Article","mainEntityOfPage":"https:\/\/www.adulka.cz\/fotit-muze-kazdy\/","headline":"Fotit m\u016f\u017ee ka\u017ed\u00fd","name":"Fotit m\u016f\u017ee ka\u017ed\u00fd","description":"Kon\u00ed\u010dek Pr\u00e1v\u011b fotografie ke skv\u011bl\u00fdm prost\u0159edkem, jak m\u016f\u017eeme zachytit to, co vid\u00edme na vlastn\u00ed o\u010di. Takto si m\u016f\u017eeme d\u011blat na pam\u00e1tku obr\u00e1zky v\u0161eho mo\u017en\u00e9ho a za p\u00e1r let vzpom\u00ednat a tyto vzpom\u00ednky ukazovat i na\u0161im p\u0159\u00e1tel\u016fm. Dnes v\u00a0dob\u011b chytr\u00fdch telefon\u016f m\u016f\u017eeme pohodln\u011b fotit na tato za\u0159\u00edzen\u00ed, proto\u017ee maj\u00ed v\u011bt\u0161inou slu\u0161n\u00e9 fotoapar\u00e1ty, tak\u017ee pro b\u011b\u017en\u00e9ho \u010dlov\u011bka [&hellip;]","datePublished":"2022-05-14","dateModified":"2023-05-03","author":{"@type":"Person","@id":"https:\/\/www.adulka.cz\/author\/#Person","name":"","url":"https:\/\/www.adulka.cz\/author\/","identifier":1,"image":{"@type":"ImageObject","@id":"https:\/\/secure.gravatar.com\/avatar\/0c4621640b5c0734669aeb181ef77969b528487727344f28e734a206566ea0f1?s=96&d=mm&r=g","url":"https:\/\/secure.gravatar.com\/avatar\/0c4621640b5c0734669aeb181ef77969b528487727344f28e734a206566ea0f1?s=96&d=mm&r=g","height":96,"width":96}},"publisher":{"@type":"Organization","name":"adulka.cz","logo":{"@type":"ImageObject","@id":"\/logo.png","url":"\/logo.png","width":600,"height":60}},"image":{"@type":"ImageObject","@id":"https:\/\/www.adulka.cz\/wp-content\/uploads\/lens-490806_960_720_2.jpg","url":"https:\/\/www.adulka.cz\/wp-content\/uploads\/lens-490806_960_720_2.jpg","height":0,"width":0},"url":"https:\/\/www.adulka.cz\/fotit-muze-kazdy\/","about":["Elektro"],"wordCount":438,"articleBody":"Kon\u00ed\u010dekPr\u00e1v\u011b fotografie ke skv\u011bl\u00fdm prost\u0159edkem, jak m\u016f\u017eeme zachytit to, co vid\u00edme na vlastn\u00ed o\u010di. Takto si m\u016f\u017eeme d\u011blat na pam\u00e1tku obr\u00e1zky v\u0161eho mo\u017en\u00e9ho a za p\u00e1r let vzpom\u00ednat a tyto vzpom\u00ednky ukazovat i na\u0161im p\u0159\u00e1tel\u016fm. Dnes v\u00a0dob\u011b chytr\u00fdch telefon\u016f m\u016f\u017eeme pohodln\u011b fotit na tato za\u0159\u00edzen\u00ed, proto\u017ee maj\u00ed v\u011bt\u0161inou slu\u0161n\u00e9 fotoapar\u00e1ty, tak\u017ee pro b\u011b\u017en\u00e9ho \u010dlov\u011bka jsou pln\u011b dosta\u010duj\u00edc\u00ed. Jejich slabina m\u016f\u017ee b\u00fdt za zhor\u0161en\u00fdch sv\u011bteln\u00fdch podm\u00ednek, ale i v\u00a0t\u00e9to oblasti se zlep\u0161uj\u00ed.Jejich v\u00fdhodou je dostate\u010dn\u011b velk\u00fd displej, proto\u017ee na n\u011bm se daj\u00ed pohodln\u011b fotografie prohl\u00ed\u017eet. Nav\u00edc se m\u016f\u017eeme p\u0159ipojit k\u00a0internetu, tak\u017ee nen\u00ed probl\u00e9m fotky pos\u00edlat kamar\u00e1d\u016fm \u010di t\u0159eba je sd\u00edlet na soci\u00e1ln\u00edch s\u00edt\u00edch. P\u0159eci jen ty jsou dnes velmi obl\u00edben\u00e9 a takov\u00fd Instagram je pln\u00fd fotek a vide\u00ed. K\u00a0tomu abychom fotili hezk\u00e9 fotky je pot\u0159eba jist\u00fd talent, v\u011bdomosti, zku\u0161enosti, p\u00edle, dobr\u00fd fo\u0165\u00e1k a tak d\u00e1le. Dnes hraje velkou roli tak\u00e9 n\u00e1sledn\u00e1 \u00faprava.Kvalitn\u00ed fotoapar\u00e1tJestli zva\u017eujete po\u0159\u00edzen\u00ed tohoto za\u0159\u00edzen\u00ed, tak z\u00e1le\u017e\u00ed na tom, co by vlastn\u011b m\u011bl spl\u0148ovat. Jestli\u017ee t\u0159eba s\u00a0focen\u00edm za\u010d\u00edn\u00e1te a je\u0161t\u011b nev\u00edte, jestli V\u00e1s skute\u010dn\u011b bude bavit, tak m\u016f\u017eete zvolit n\u011bjak\u00fd levn\u011bj\u0161\u00ed kompaktn\u00ed fotoapar\u00e1t, s\u00a0kter\u00fdm se toho v\u0161ak m\u016f\u017eete hodn\u011b nau\u010dit, proto\u017ee i na n\u011bm se d\u00e1 hr\u00e1t s\u00a0podrobn\u011bj\u0161\u00edm nastaven\u00edm. Pokud u\u017e n\u011bjak\u00e9 ty z\u00e1klady m\u00e1te a chcete se v\u011bnovat focen\u00ed na vysu\u0161it \u00farovni s\u00a0t\u00edm, \u017ee budete fungovat i za hor\u0161\u00edho sv\u011btla a fotit pohybuj\u00edc\u00ed se p\u0159edm\u011bty, tak to chce slu\u0161nou zrcadlovku, kter\u00e1 dosahuje pochopiteln\u011b lep\u0161\u00edch v\u00fdsledk\u016f, ale p\u0159iplat\u00edme si za ni. M\u016f\u017eeme na nich vym\u011b\u0148ovat objektivity zrovna podle toho, co pot\u0159ebujeme fotit. Je dobr\u00e9 pro\u010d\u00edst si na internetu jak\u00e9 doporu\u010dovan\u00e9 za\u0159\u00edzen\u00ed v\u00a0jednotliv\u00fdch kategori\u00edch jsou v\u00a0sou\u010dasn\u00e9 dob\u011b na trhu, d\u00edky \u010demu\u017e si ud\u011bl\u00e1me p\u0159ehled a pom\u016f\u017ee n\u00e1m to vybrat konkr\u00e9tn\u00ed za\u0159\u00edzen\u00ed. Na n\u011bj samoz\u0159ejm\u011b zase nalezneme recenze, a to i od samotn\u00fdch u\u017eivatel\u016f.                                                                                                                                                                                                                                                                                                                                                                                         4.1\/5 - (8 votes)        "},{"@context":"https:\/\/schema.org\/","@type":"BreadcrumbList","itemListElement":[{"@type":"ListItem","position":1,"name":"Fotit m\u016f\u017ee ka\u017ed\u00fd","item":"https:\/\/www.adulka.cz\/fotit-muze-kazdy\/#breadcrumbitem"}]}]