[{"@context":"https:\/\/schema.org\/","@type":"Article","@id":"https:\/\/www.adulka.cz\/co-si-zvolime-to-mame\/#Article","mainEntityOfPage":"https:\/\/www.adulka.cz\/co-si-zvolime-to-mame\/","headline":"Co si zvol\u00edme, to m\u00e1me","name":"Co si zvol\u00edme, to m\u00e1me","description":"Na\u0161i prarodi\u010de je\u0161t\u011b nedali na politiky dopustit. Ur\u010dit\u011b i za jejich \u017eivota byla na politick\u00e9 sc\u00e9n\u011b i n\u011bjak\u00e1 ta \u0161p\u00edna, ale stejn\u011b si tenkr\u00e1t tihle oby\u010dejn\u00ed lidi politik\u016f v\u00e1\u017eili a ctili je. M\u011bli je za nejlep\u0161\u00ed lidi. Ten, kdo reprezentuje sv\u016fj n\u00e1rod, nem\u016f\u017ee b\u00fdt p\u0159ece \u0161patn\u00fd. To by byla nehor\u00e1zn\u00e1 ostuda.\u00a0My tak ale u\u017e dneska [&hellip;]","datePublished":"2021-11-07","dateModified":"2021-11-07","author":{"@type":"Person","@id":"https:\/\/www.adulka.cz\/author\/#Person","name":"","url":"https:\/\/www.adulka.cz\/author\/","identifier":1,"image":{"@type":"ImageObject","@id":"https:\/\/secure.gravatar.com\/avatar\/0c4621640b5c0734669aeb181ef77969b528487727344f28e734a206566ea0f1?s=96&d=mm&r=g","url":"https:\/\/secure.gravatar.com\/avatar\/0c4621640b5c0734669aeb181ef77969b528487727344f28e734a206566ea0f1?s=96&d=mm&r=g","height":96,"width":96}},"publisher":{"@type":"Organization","name":"adulka.cz","logo":{"@type":"ImageObject","@id":"\/logo.png","url":"\/logo.png","width":600,"height":60}},"image":{"@type":"ImageObject","@id":"https:\/\/www.adulka.cz\/wp-content\/uploads\/politika2.png","url":"https:\/\/www.adulka.cz\/wp-content\/uploads\/politika2.png","height":0,"width":0},"url":"https:\/\/www.adulka.cz\/co-si-zvolime-to-mame\/","about":["Politika"],"wordCount":427,"articleBody":"Na\u0161i prarodi\u010de je\u0161t\u011b nedali na politiky dopustit. Ur\u010dit\u011b i za jejich \u017eivota byla na politick\u00e9 sc\u00e9n\u011b i n\u011bjak\u00e1 ta \u0161p\u00edna, ale stejn\u011b si tenkr\u00e1t tihle oby\u010dejn\u00ed lidi politik\u016f v\u00e1\u017eili a ctili je. M\u011bli je za nejlep\u0161\u00ed lidi. Ten, kdo reprezentuje sv\u016fj n\u00e1rod, nem\u016f\u017ee b\u00fdt p\u0159ece \u0161patn\u00fd. To by byla nehor\u00e1zn\u00e1 ostuda.\u00a0My tak ale u\u017e dneska neuva\u017eujeme. Pro n\u00e1s u\u017e politici nejsou svat\u00ed. A nejsou vlastn\u011b ani dob\u0159\u00ed. Vid\u00edme v\u00a0nich v\u011bt\u0161inou jenom to nejhor\u0161\u00ed. A i kdy\u017e se n\u00e1m n\u011bkdo z\u00a0politik\u016f zamlouv\u00e1, stejn\u011b o n\u011bm pochybujeme. A pomlouv\u00e1me ho tak dlouho, a\u017e se ta zn\u00e1m\u00e1 stokr\u00e1t opakovan\u00e1 le\u017e stane pravdou.\u00a0Kdy\u017e se t\u0159eba zept\u00e1me oby\u010dejn\u00fdch lid\u00ed, kdo by cht\u011bl odej\u00edt z\u00a0domova n\u011bkam do z\u00e1kop\u016f, aby tam zab\u00edjel jin\u00e9 lidi, o kter\u00fdch v\u016fbec nic nev\u00ed, najdeme jenom m\u00e1lo t\u011bch, co to cht\u011bj\u00ed. Kdyby cht\u011bl n\u011bkdo ohro\u017eovat sv\u016fj vlastn\u00ed \u017eivot pro podobn\u00e9 \u0161\u00edlenstv\u00ed, byl by pro v\u011bt\u0161inu lid\u00ed za bl\u00e1zna. U n\u00e1s stejn\u011b jako jinde ve sv\u011bt\u011b. Ale pak p\u0159ijdou politici, kter\u00e9 si zvolili i ti m\u00edrumilovn\u00ed lidi, popletou lidem hlavy a najednou se tu bojuje. Lidi po\u0161lou na frontu, daj\u00ed jim zbran\u011b a \u0159eknou jim, kdo je pr\u00fd nep\u0159\u00edtel. A lidi jsou jako ovce a zab\u00edjej\u00ed. I kdy\u017e z\u00a0toho nebudou m\u00edt v\u016fbec nic dobr\u00e9ho.\u00a0\u00a0Vid\u00edme to i dneska. Zase jsou v\u00a0politice i v\u00e1le\u010dn\u00ed \u0161tv\u00e1\u010di. A lidi jim p\u0159ekvapiv\u011b naslouchaj\u00ed a pln\u00ed jejich rozhodnut\u00ed. I kdy\u017e jde o bl\u00e1zn\u011bn\u00ed.\u00a0Trp\u00ed t\u00edm i jedna i druh\u00e1 strana. V\u0161ichni u\u017e to poc\u00edtili. I ti, kdo nejsou ve v\u00e1lce, t\u0159eba my. Jedni chudnou, druz\u00ed ut\u00edkaj\u00ed z\u00a0domov\u016f, t\u0159et\u00ed um\u00edraj\u00ed. A pro\u010d? Vlastn\u011b jenom pro politiku. Proto\u017ee to n\u011bkdo naho\u0159e na\u0159\u00eddil. A co na\u0159\u00eddili tam naho\u0159e, to p\u0159ece plat\u00ed.\u00a0Tak\u017ee jsou politici vlastn\u011b n\u011bkdy men\u0161\u00ed a n\u011bkdy v\u011bt\u0161\u00ed zr\u016fdy. A stejn\u00e9 zr\u016fdy pak d\u011blaj\u00ed i ze sv\u00fdch ob\u010dan\u016f. Ti by p\u0159ece ur\u010dit\u011b r\u00e1di \u017eili v\u00a0m\u00edru. Ale p\u0159esto jdou i na smrt. Jenom kv\u016fli tomu, \u010demu se \u0159\u00edk\u00e1 politika. A co by m\u011blo lidem slou\u017eit. Ale viditeln\u011b neslou\u017e\u00ed.                                                                                                                                                                                                                                                                                                                                                                                        4\/5 - (2 votes)        "},{"@context":"https:\/\/schema.org\/","@type":"BreadcrumbList","itemListElement":[{"@type":"ListItem","position":1,"name":"Co si zvol\u00edme, to m\u00e1me","item":"https:\/\/www.adulka.cz\/co-si-zvolime-to-mame\/#breadcrumbitem"}]}]