[{"@context":"https:\/\/schema.org\/","@type":"Article","@id":"https:\/\/www.adulka.cz\/cesta-do-beskyd\/#Article","mainEntityOfPage":"https:\/\/www.adulka.cz\/cesta-do-beskyd\/","headline":"Cesta do Beskyd","name":"Cesta do Beskyd","description":"To, \u017ee nejvy\u0161\u0161\u00ed horou Beskyd je Lys\u00e1 hora, kter\u00e1 dosahuje nadmo\u0159sk\u00e9 v\u00fd\u0161ky 1324 metr\u016f, si v\u0161ichni pamatuj\u00ed je\u0161t\u011b z hodin zem\u011bpisu. Ale \u017ee t\u011bch vrchol\u016f je v v tomto Moravskoslezsk\u00e9m poho\u0159\u00ed celkem t\u0159icet dva, u\u017e v pam\u011bti u\u017e asi nikdo nenos\u00ed. Tak\u017ee pokud se rozhodnete do Beskyd vyrazit, ur\u010dit\u011b si napl\u00e1nujete, vzhledem k mno\u017estv\u00ed zaj\u00edmav\u00fdch [&hellip;]","datePublished":"2022-03-30","dateModified":"2023-05-03","author":{"@type":"Person","@id":"https:\/\/www.adulka.cz\/author\/#Person","name":"","url":"https:\/\/www.adulka.cz\/author\/","identifier":1,"image":{"@type":"ImageObject","@id":"https:\/\/secure.gravatar.com\/avatar\/0c4621640b5c0734669aeb181ef77969b528487727344f28e734a206566ea0f1?s=96&d=mm&r=g","url":"https:\/\/secure.gravatar.com\/avatar\/0c4621640b5c0734669aeb181ef77969b528487727344f28e734a206566ea0f1?s=96&d=mm&r=g","height":96,"width":96}},"publisher":{"@type":"Organization","name":"adulka.cz","logo":{"@type":"ImageObject","@id":"\/logo.png","url":"\/logo.png","width":600,"height":60}},"image":{"@type":"ImageObject","@id":"https:\/\/www.adulka.cz\/wp-content\/uploads\/jesenik-gba3e977bb_640_1.jpg","url":"https:\/\/www.adulka.cz\/wp-content\/uploads\/jesenik-gba3e977bb_640_1.jpg","height":0,"width":0},"url":"https:\/\/www.adulka.cz\/cesta-do-beskyd\/","about":["Cestov\u00e1n\u00ed"],"wordCount":450,"articleBody":"To, \u017ee nejvy\u0161\u0161\u00ed horou Beskyd je Lys\u00e1 hora, kter\u00e1 dosahuje nadmo\u0159sk\u00e9 v\u00fd\u0161ky 1324 metr\u016f, si v\u0161ichni pamatuj\u00ed je\u0161t\u011b z hodin zem\u011bpisu. Ale \u017ee t\u011bch vrchol\u016f je v v tomto Moravskoslezsk\u00e9m poho\u0159\u00ed celkem t\u0159icet dva, u\u017e v pam\u011bti u\u017e asi nikdo nenos\u00ed. Tak\u017ee pokud se rozhodnete do Beskyd vyrazit, ur\u010dit\u011b si napl\u00e1nujete, vzhledem k mno\u017estv\u00ed zaj\u00edmav\u00fdch m\u00edst, dostatek \u010dasu. Druhou nejvy\u0161\u0161\u00ed horou je Smrk s 1277 m n.m. a t\u0159et\u00ed je Kn\u011bhyn\u011b, s v\u00fd\u0161kou 1258 m n.m. Tyto c\u00edle si na sv\u00fdch cest\u00e1ch pl\u00e1nuj\u00ed p\u0159edev\u0161\u00edm zdatn\u00ed sportovci, kte\u0159\u00ed r\u00e1di zdol\u00e1vaj\u00ed vrcholky hor. Pro milovn\u00edky pozn\u00e1v\u00e1n\u00ed nejen p\u0159\u00edrody, ale i pam\u00e1tek a krajov\u00fdch zvyk\u016f, je v tomto kraji opravdu velk\u00e9 mno\u017estv\u00ed c\u00edl\u016f zaj\u00edmav\u00fdch v\u00fdlet\u016f.Jedn\u00edm z nich jsou Pustevny, kter\u00e9 le\u017e\u00ed na h\u0159ebenov\u00e9 trase a nab\u00edz\u00ed zdol\u00e1n\u00ed Stezky Vala\u0161ka. Po stopades\u00e1ti metrov\u00e9m sklen\u011bn\u00e9m chodn\u00edku si m\u016f\u017ee n\u00e1v\u0161t\u011bvn\u00edk prohl\u00e9dnout p\u0159\u00edrodu z v\u00fd\u0161ky. Nau\u010dn\u00e1 stezka Radegast zavede k zn\u00e1m\u00e9 so\u0161e Radegasta, kter\u00e1 je symbolem d\u011bjin tohoto m\u00edsta. Ze kter\u00e9ho je to jenom skok na vrchol\u00a0Radho\u0161t\u011b. Kter\u00fd le\u017e\u00ed ve v\u00fd\u0161ce 1129 m n.m. a p\u0159\u00edmo na jeho vrcholu stoj\u00ed d\u0159ev\u011bn\u00e1,\u00a0nejv\u00fd\u0161e polo\u017een\u00e1\u00a0c\u00edrkevn\u00ed stavba na\u0161\u00ed republiky. Zdob\u00ed ji sochy Cyrila a Metod\u011bje. Skoro dva kilometry dlouh\u00e1 je nau\u010dn\u00e1 stezka nazvan\u00e1 Beskydsk\u00e9 nebe. S mno\u017estv\u00edm siluet drav\u00fdch pt\u00e1k\u016f, dopl\u0148uj\u00edc\u00edch vy\u0159ez\u00e1van\u00e9 sochy u m\u00edstn\u00edho\u00a0amfite\u00e1tru. Bl\u00edzk\u00e1 zvoni\u010dka na Hore\u010dk\u00e1ch stoj\u00ed rovn\u011b\u017e za prohl\u00eddku.Vala\u0161sk\u00e9 muzeum v Ro\u017enov\u011b pod Radho\u0161t\u011bm je nejzn\u00e1m\u011bj\u0161\u00edm skanzenem v na\u0161\u00ed vlasti. Jeho jednotliv\u00e9 \u010d\u00e1sti &#8211; D\u0159ev\u011bn\u00e9 m\u011bste\u010dko, Ml\u00fdnsk\u00e1 dolina, Vala\u0161sk\u00e1 d\u011bdina a Muzeum v p\u0159\u00edrod\u011b tvo\u0159\u00ed jedine\u010dn\u00fd\u00a0celek. Ve kter\u00e9m se n\u00e1v\u0161t\u011bvn\u00edci ocitnou v minul\u00fdch \u010dasech, ve kter\u00fdch se tkalo na ru\u010dn\u00edch stavech, sv\u00edtilo petrolejov\u00fdmi lampami \u010di va\u0159ilo na kamnech, do kter\u00fdch se vkl\u00e1dalo\u00a0nasb\u00edran\u00e9 d\u0159evo v okol\u00ed. Dom\u00e1c\u00ed zv\u00ed\u0159ata se chovala v p\u0159ilehl\u00fdch stodol\u00e1ch \u010di chl\u00e9vech. Hned vedle tohoto skanzenu je rozhledna. Kter\u00e1 se jmenuje po sv\u00e9m staviteli &#8211;\u00a0Jurkovi\u010dova. Tento architekt je i autorem staveb na Pustevn\u00e1ch &#8211; Mam\u011bnka a Libu\u0161\u00edn\u00a0a d\u0159ev\u011bn\u00e9 zvoni\u010dky v Trojanovic\u00edch.                                                                                                                                                                                                                                                                                                                                                                                        4.4\/5 - (8 votes)        "},{"@context":"https:\/\/schema.org\/","@type":"BreadcrumbList","itemListElement":[{"@type":"ListItem","position":1,"name":"Cesta do Beskyd","item":"https:\/\/www.adulka.cz\/cesta-do-beskyd\/#breadcrumbitem"}]}]